{"id":32974,"date":"2021-09-17T11:20:20","date_gmt":"2021-09-17T11:20:20","guid":{"rendered":"https:\/\/diemmetestsiti.it\/busnag\/?p=32974"},"modified":"2021-09-17T11:20:20","modified_gmt":"2021-09-17T11:20:20","slug":"musical-quella-luce-in-fondo-al-cuoreprogetto-aiutiamo-il-bullo","status":"publish","type":"post","link":"https:\/\/icviacorreggiomonza.edu.it\/old\/index.php\/2021\/09\/17\/musical-quella-luce-in-fondo-al-cuoreprogetto-aiutiamo-il-bullo\/","title":{"rendered":"Musical: \u201cquella luce in fondo al cuore\u201dprogetto : aiutiamo il bullo."},"content":{"rendered":"\n<p>&nbsp;marted\u00ec, 08 Giugno 2021 06:42<\/p>\n\n\n\n<p>Progetto: socio educativo per prevenire e contrastare il fenomeno del bullismo.<\/p>\n\n\n\n<p>La finalit\u00e0 specifica del percorso \u00e8 stata quella di promuovere il miglioramento delle relazioni tra coetanei tramite la peer education ( educazione tra pari ) e dell\u2019intero clima classe ; un programma d\u2019intervento efficace per contrastare il fenomeno del bullismo.<\/p>\n\n\n\n<p>Sono state condotte delle indagini tramite questionari al fine di ricavare un significativo spaccato della realt\u00e0 osservata che ha permesso di effettuare riflessione e di poter agire di conseguenza .<\/p>\n\n\n\n<p>La visione di filmati e slide hanno favorito analisi e discussioni .<\/p>\n\n\n\n<p>Sono state avviate anche conversazioni libere e guidate per far comprendere ai bambini la&nbsp;&nbsp;figura del bullo, della vittima e per poter affermare sempre pi\u00f9 il diritto degli alunni che \u00e8 quello di un sicuro ambiente di apprendimento partecipando in modo positivo alla realt\u00e0 scolastica.<\/p>\n\n\n\n<p>Sono stati realizzati cartelloni vari sul tema con modalit\u00e0 e tecniche diverse, prodotti testi molto significativi, poesie, riflessioni e aforismi. In collaborazione con la biblioteca di quartiere sono state presentate letture animate e laboratori artistici.<\/p>\n\n\n\n<p>\u00c8 stata ideata una performance teatrale riguardante una fiaba musicale sul bullismo e infine i momenti pi\u00f9 interessanti delle varie attivit\u00e0 sono stati i vari interventi proposti dalla psico-pedagogista, dalla referente docente di classe&nbsp;&nbsp;e della bibliotecaria.<\/p>\n\n\n\n<p>Gli alunni hanno manifestato non solo il loro entusiasmo ma la volont\u00e0 di proseguire questo percorso acquisendo nuove competenze per poter interagire meglio quali agenti di cambiamento, nella propria classe ed insieme ai docenti migliorare le dinamiche relazionali.<\/p>\n\n\n\n<p>Noi docenti ci riteniamo soddisfatti per la seriet\u00e0 e l\u2019impegno profusi dai ragazzi e ci auguriamo che nonostante la breve durata del percorso, siamo riusciti a spargere piccoli semi di positivit\u00e0, atti a far germogliare nelle loro coscienze atteggiamenti e comportamenti corretti ed a prendere consapevolezza dello star bene a scuola con se stessi e con gli altri.<\/p>\n\n\n\n<p>Inoltre i bambini si sono sentiti coinvolti e hanno sviluppato empatia e voglia di fare .<\/p>\n\n\n\n<p>A conclusione i bambini si sono esibiti in un musical \u00a0al Teatro Binario 7<\/p>\n\n\n\n<figure class=\"wp-block-image size-full\"><img decoding=\"async\" src=\"https:\/\/diemmetestsiti.it\/busnag\/wp-content\/uploads\/2021\/09\/03B7DD3E-81E1-4D55-896C-D7598FE7D8D6-768x1024-1.jpeg\" alt=\"\" class=\"wp-image-32975\"\/><\/figure>\n\n\n\n<figure class=\"wp-block-image size-full\"><img decoding=\"async\" src=\"https:\/\/diemmetestsiti.it\/busnag\/wp-content\/uploads\/2021\/09\/2E4EEE34-24E4-4E3F-892F-598159D7D3BA-768x1024-1.jpeg\" alt=\"\" class=\"wp-image-32976\"\/><\/figure>\n\n\n\n<figure class=\"wp-block-image size-full\"><img decoding=\"async\" src=\"https:\/\/diemmetestsiti.it\/busnag\/wp-content\/uploads\/2021\/09\/220384F8-04B7-4F84-BD4A-EBC597C4A063-768x1024-1.jpeg\" alt=\"\" class=\"wp-image-32977\"\/><\/figure>\n\n\n\n<figure class=\"wp-block-image size-full\"><img decoding=\"async\" src=\"https:\/\/diemmetestsiti.it\/busnag\/wp-content\/uploads\/2021\/09\/BFE5A0BD-5394-47B6-8FD5-53F0A37F6202-768x1024-1.jpeg\" alt=\"\" class=\"wp-image-32978\"\/><\/figure>\n\n\n\n<figure class=\"wp-block-image size-full\"><img decoding=\"async\" src=\"https:\/\/diemmetestsiti.it\/busnag\/wp-content\/uploads\/2021\/09\/14E057A2-289A-4D3D-9696-D845C4D83AF1-768x1024-1.jpeg\" alt=\"\" class=\"wp-image-32979\"\/><\/figure>\n","protected":false},"excerpt":{"rendered":"<p>&nbsp;marted\u00ec, 08 Giugno 2021 06:42 Progetto: socio educativo per prevenire e contrastare il fenomeno del bullismo. La finalit\u00e0 specifica del percorso \u00e8 stata quella di promuovere il miglioramento delle relazioni tra coetanei tramite la peer education ( educazione tra pari ) e dell\u2019intero clima classe ; un programma d\u2019intervento efficace per contrastare il fenomeno del&nbsp; &nbsp; <a class=\"moretag\" href=\"https:\/\/icviacorreggiomonza.edu.it\/old\/index.php\/2021\/09\/17\/musical-quella-luce-in-fondo-al-cuoreprogetto-aiutiamo-il-bullo\/\" title=\"Leggi l&#180;intero articolo\">&raquo;<\/a><\/p>\n","protected":false},"author":1,"featured_media":0,"comment_status":"closed","ping_status":"open","sticky":false,"template":"","format":"standard","meta":{"footnotes":""},"categories":[5],"tags":[],"class_list":["post-32974","post","type-post","status-publish","format-standard","hentry","category-esperienza"],"_links":{"self":[{"href":"https:\/\/icviacorreggiomonza.edu.it\/old\/index.php\/wp-json\/wp\/v2\/posts\/32974","targetHints":{"allow":["GET"]}}],"collection":[{"href":"https:\/\/icviacorreggiomonza.edu.it\/old\/index.php\/wp-json\/wp\/v2\/posts"}],"about":[{"href":"https:\/\/icviacorreggiomonza.edu.it\/old\/index.php\/wp-json\/wp\/v2\/types\/post"}],"author":[{"embeddable":true,"href":"https:\/\/icviacorreggiomonza.edu.it\/old\/index.php\/wp-json\/wp\/v2\/users\/1"}],"replies":[{"embeddable":true,"href":"https:\/\/icviacorreggiomonza.edu.it\/old\/index.php\/wp-json\/wp\/v2\/comments?post=32974"}],"version-history":[{"count":0,"href":"https:\/\/icviacorreggiomonza.edu.it\/old\/index.php\/wp-json\/wp\/v2\/posts\/32974\/revisions"}],"wp:attachment":[{"href":"https:\/\/icviacorreggiomonza.edu.it\/old\/index.php\/wp-json\/wp\/v2\/media?parent=32974"}],"wp:term":[{"taxonomy":"category","embeddable":true,"href":"https:\/\/icviacorreggiomonza.edu.it\/old\/index.php\/wp-json\/wp\/v2\/categories?post=32974"},{"taxonomy":"post_tag","embeddable":true,"href":"https:\/\/icviacorreggiomonza.edu.it\/old\/index.php\/wp-json\/wp\/v2\/tags?post=32974"}],"curies":[{"name":"wp","href":"https:\/\/api.w.org\/{rel}","templated":true}]}}