{"id":33847,"date":"2022-02-03T16:41:36","date_gmt":"2022-02-03T14:41:36","guid":{"rendered":"https:\/\/icviacorreggiomonza.edu.it\/old\/?p=33847"},"modified":"2022-02-03T16:41:38","modified_gmt":"2022-02-03T14:41:38","slug":"giornata-della-memoria","status":"publish","type":"post","link":"https:\/\/icviacorreggiomonza.edu.it\/old\/index.php\/2022\/02\/03\/giornata-della-memoria\/","title":{"rendered":"Giornata della Memoria"},"content":{"rendered":"\n<p><strong>UNA GIORNATA DA NON DIMENTICARE<\/strong><\/p>\n\n\n\n<p><br>Il 27 gennaio di 77 anni fa gli ebrei furono liberati dai campi di sterminio. Ogni anno la scuola<br>secondaria di primo grado \u201cWalter Bonatti\u201d decide di ricordare questo evento partecipando alla<br>cerimonia di commemorazione, organizzata dal Comune di Monza in via Messa, al Bosco della<br>Memoria. Proprio ieri, 27 gennaio, noi, alunni della classe 3A, in rappresentanza della scuola, ci<br>siamo recati a questa manifestazione a cui hanno partecipato il Sindaco Sala, le massime autorit\u00e0<br>cittadine, i rappresentanti di ANED e ANPI. Ognuno ha tenuto un proprio discorso. Anche noi<br>abbiamo avuto l\u2019occasione di esprimere le nostre riflessioni tramite due studenti che hanno<br>raccontato quello che abbiamo condiviso a scuola su questa giornata e letto due poesie scritte dai<br>bambini del ghetto di Terezin. Alla fine della cerimonia, dopo aver girato numerosi video, ci siamo<br>raggruppati e siamo andati a visitare le 93 lastre di ferro su cui sono incisi i nomi delle vittime<br>monzesi, che erano soprattutto oppositori politici. Ogni anno ricordiamo queste tragedie per non<br>dimenticare ci\u00f2 che \u00e8 successo, ogni anno non possiamo non provare un profondo sdegno per<br>quanto \u00e8 accaduto, dolore per le vittime, che erano persone come noi e ci sentiamo un po\u2019 come i<br>loro famigliari, perch\u00e9 adesso fanno parte anche dei nostri ricordi.<\/p>\n\n\n\n<p>Daniele, Serena e Andrea (cl. 3\u00b0A)<\/p>\n","protected":false},"excerpt":{"rendered":"<p>UNA GIORNATA DA NON DIMENTICARE Il 27 gennaio di 77 anni fa gli ebrei furono liberati dai campi di sterminio. Ogni anno la scuolasecondaria di primo grado \u201cWalter Bonatti\u201d decide di ricordare questo evento partecipando allacerimonia di commemorazione, organizzata dal Comune di Monza in via Messa, al Bosco dellaMemoria. Proprio ieri, 27 gennaio, noi, alunni&nbsp; &nbsp; <a class=\"moretag\" href=\"https:\/\/icviacorreggiomonza.edu.it\/old\/index.php\/2022\/02\/03\/giornata-della-memoria\/\" title=\"Leggi l&#180;intero articolo\">&raquo;<\/a><\/p>\n","protected":false},"author":1,"featured_media":0,"comment_status":"open","ping_status":"open","sticky":true,"template":"","format":"standard","meta":{"footnotes":""},"categories":[5,4],"tags":[],"class_list":["post-33847","post","type-post","status-publish","format-standard","hentry","category-esperienza","category-news"],"_links":{"self":[{"href":"https:\/\/icviacorreggiomonza.edu.it\/old\/index.php\/wp-json\/wp\/v2\/posts\/33847","targetHints":{"allow":["GET"]}}],"collection":[{"href":"https:\/\/icviacorreggiomonza.edu.it\/old\/index.php\/wp-json\/wp\/v2\/posts"}],"about":[{"href":"https:\/\/icviacorreggiomonza.edu.it\/old\/index.php\/wp-json\/wp\/v2\/types\/post"}],"author":[{"embeddable":true,"href":"https:\/\/icviacorreggiomonza.edu.it\/old\/index.php\/wp-json\/wp\/v2\/users\/1"}],"replies":[{"embeddable":true,"href":"https:\/\/icviacorreggiomonza.edu.it\/old\/index.php\/wp-json\/wp\/v2\/comments?post=33847"}],"version-history":[{"count":1,"href":"https:\/\/icviacorreggiomonza.edu.it\/old\/index.php\/wp-json\/wp\/v2\/posts\/33847\/revisions"}],"predecessor-version":[{"id":33848,"href":"https:\/\/icviacorreggiomonza.edu.it\/old\/index.php\/wp-json\/wp\/v2\/posts\/33847\/revisions\/33848"}],"wp:attachment":[{"href":"https:\/\/icviacorreggiomonza.edu.it\/old\/index.php\/wp-json\/wp\/v2\/media?parent=33847"}],"wp:term":[{"taxonomy":"category","embeddable":true,"href":"https:\/\/icviacorreggiomonza.edu.it\/old\/index.php\/wp-json\/wp\/v2\/categories?post=33847"},{"taxonomy":"post_tag","embeddable":true,"href":"https:\/\/icviacorreggiomonza.edu.it\/old\/index.php\/wp-json\/wp\/v2\/tags?post=33847"}],"curies":[{"name":"wp","href":"https:\/\/api.w.org\/{rel}","templated":true}]}}