{"id":43547,"date":"2024-03-28T14:29:18","date_gmt":"2024-03-28T12:29:18","guid":{"rendered":"https:\/\/icviacorreggiomonza.edu.it\/old\/?p=43547"},"modified":"2024-03-28T14:29:18","modified_gmt":"2024-03-28T12:29:18","slug":"philosophy-for-children-per-le-classi-quinte-anzani-e-masih","status":"publish","type":"post","link":"https:\/\/icviacorreggiomonza.edu.it\/old\/index.php\/2024\/03\/28\/philosophy-for-children-per-le-classi-quinte-anzani-e-masih\/","title":{"rendered":"Philosophy For Children per le classi quinte Anzani e Masih"},"content":{"rendered":"<p style=\"text-align: left;\">Il progetto Philosophy for Children nasce da un modo di concepire la filosofia come pratica di<br \/>\nriflessione basata sul dialogo cooperativo e democratico. Non si tratta quindi<br \/>\ndell\u2019insegnamento disciplinare della storia del pensiero, quanto piuttosto della pratica del pensare<br \/>\nche si fa attitudine a interrogarsi, creare concetti, comprendere, ri-pensare autonomamente<br \/>\nci\u00f2 che ci circonda e ci\u00f2 che si impara.<br \/>\nIn questa prospettiva si promuove un \u201cpensare insieme\u201d instaurando un dialogo in cui<br \/>\nciascuno considera gli altri nella loro unicit\u00e0, stabilendo relazioni autentiche ed attive.<br \/>\nCostruendo insieme uno spazio di fiducia, rispetto e ascolto reciproco, il progetto promuove un<br \/>\nmodo di pensare in grado di unire ci\u00f2 che \u00e8 comune e al tempo stesso preservare le<br \/>\ndifferenze, anche interculturali ed etniche.<br \/>\nLa Pratica Filosofica offre uno spazio di collaborazione e confronto in cui lo sviluppo del<br \/>\npensiero viene supportato e incentivato aprendosi a dimensioni di criticit\u00e0, creativit\u00e0, cura.<br \/>\nLa Pratica Filosofica crea un\u2019occasione per costruire un clima di rispetto e cooperazione;<br \/>\nuno spazio che si possa percepire come proprio, uno spazio di incontro, di fiducia e di ascolto in<br \/>\ncui il pensiero di ognuno trova cittadinanza all\u2019interno della classe-comunit\u00e0. Ci\u00f2 \u00e8 significativo<br \/>\nnon solo per i singoli alunni, ma anche per il funzionamento dell&#8217; intero gruppo classe.<br \/>\nIl progetto si qualifica come una proposta alla globalit\u00e0 della persona coinvolgendo sia le<br \/>\ncapacit\u00e0 di ragionamento che quelle socio- relazionali.<br \/>\nQuali sono i vantaggi per la sfera emotivo-sociale?<br \/>\nLe pratiche filosofiche sviluppano e potenziano:<br \/>\n&#8211; Ascolto attivo e comprensione degli altri.<br \/>\n&#8211; Capacit\u00e0 dialogica e cooperazione.<br \/>\n&#8211; Autonomia.<br \/>\n&#8211; Consapevolezza della libert\u00e0 di espressione del proprio pensiero.<br \/>\nQuali i vantaggi per la sfera cognitiva?<br \/>\nLe pratiche filosofiche sviluppano e potenziano:<br \/>\n&#8211; Pensiero critico.<br \/>\n&#8211; Pensiero creativo.<br \/>\n&#8211; Pensiero etico-affettivo.<br \/>\nQuali modalit\u00e0 abbiamo seguito?<br \/>\nLe basi metodologiche si fondano sul Curricolo di M. Lipman, validato da una sperimentazione<br \/>\npluridecennale e riconosciuto e diffuso a livello internazionale, che riconosce la valenza educativa<br \/>\ndell\u2019indagine filosofica per condurre i bambini e le bambine a problematizzare la realt\u00e0 ed evitare<br \/>\ncos\u00ec il rischio della massificazione in una societ\u00e0- come la nostra- che tende a proporre modelli<br \/>\nunivoci in cui identificarsi.<br \/>\nA partire da questa sperimentazione, sempre in aggiornamento, si propone un metodo flessibile<br \/>\ne attento ai bisogni, agli interessi e alla sensibilit\u00e0 di ogni gruppo di alunni e che utilizza<br \/>\ndiversi pretesti: vissuti personali, albi illustrati, testi poetici, cortometraggi, fotografia.<br \/>\nQuali temi abbiamo esplorato?<\/p>\n<p style=\"text-align: center;\">La pace, la guerra, la costruzione di una citt\u00e0 ideale, le regole per vivere bene insieme, la crescita<br \/>\ne le sfide che il passaggio alla Scuola di secondo grado comporta. Diventare un\u2019opera d\u2019arte, il<br \/>\ncambiare, la memoria e il mantenere nel cuore, lo sguardo sulla natura, il ricordo attraverso i sensi,<br \/>\nle idee di bene, vero e utile, l\u2019origine dell\u2019agire. Le paure, la voglia di scoperta, le aspettative. Io<br \/>\ncome un fiume. L\u2019immaginazione e la rappresentazione. Il senso delle potenzialit\u00e0 del domandare<br \/>\ne della filosofia nel percorso triennale compiuto insieme. L\u2019uso delle parole, il conflitto, il rapporto<br \/>\nio\/diverso da me. La ricerca e l\u2019esplorazione attraverso la fotografia, la scrittura e l\u2019alfabeto delle<br \/>\ncose. Possibile ed impossibile, le diverse prospettive, la costruzione di una mappa con materiali<br \/>\nautoprodotti dalla classe.<br \/>\nDove abbiamo praticato?<br \/>\nAlla scuola Anzani abbiamo lavorato preferibilmente nelle aule di classe, mentre alla scuola Masih<br \/>\n\u00e8 stata utilizzata anche l\u2019aula di musica posta al primo piano, pi\u00f9 spaziosa e adatta allo scopo.<br \/>\nCome abbiamo praticato?<br \/>\nGeneralmente il setting \u00e8 stato il circle time per favorire il contatto visivo, la libera circolazione delle<br \/>\nidee e l\u2019espressione delle opinioni. Questa disposizione favorisce l\u2019inclusione valorizzando ogni<br \/>\nsingolo bambino\/a.<br \/>\nQuando abbiamo praticato?<br \/>\nIl progetto \u00e8 durato 8 incontri, il mercoled\u00ec mattina in Masih e il venerd\u00ec in Anzani. Il periodo di<br \/>\nsvolgimento da novembre 2023 a febbraio 2024.<br \/>\nCosa \u00e8 nato in noi durante la pratica?<br \/>\nLo stupore di sentire il \u201csapere\u201d nelle voci dei bambini\/e, nel rincorrersi delle loro idee.<br \/>\nIl gusto di \u201cfare scuola\u201d come comunit\u00e0 di ricerca.<br \/>\nLa bellezza di creare spazi liberi di parola e di ascolto reciproco.<br \/>\nCosa ci rimane?<br \/>\nIl desiderio di poter continuare ed approfondire le pratiche filosofiche per sentire i nostri alunni ed<br \/>\nalunne esclamare: \u201c Che bello so_stare in pensiero\u201d! E noi con loro.<\/p>\n<p style=\"text-align: center;\">Le referenti del progetto,<\/p>\n<p>Anna Rita Arosio<br \/>\nMaria Silvia Galli<br \/>\nCinzia L\u2019Orfano<\/p>\n<p>&nbsp;<\/p>\n<p><img fetchpriority=\"high\" decoding=\"async\" class=\"alignnone size-medium wp-image-43548\" src=\"https:\/\/icviacorreggiomonza.edu.it\/old\/wp-content\/uploads\/2024\/03\/3-300x169.png\" alt=\"\" width=\"300\" height=\"169\" srcset=\"https:\/\/icviacorreggiomonza.edu.it\/old\/wp-content\/uploads\/2024\/03\/3-300x169.png 300w, https:\/\/icviacorreggiomonza.edu.it\/old\/wp-content\/uploads\/2024\/03\/3-1024x576.png 1024w, https:\/\/icviacorreggiomonza.edu.it\/old\/wp-content\/uploads\/2024\/03\/3-768x432.png 768w, https:\/\/icviacorreggiomonza.edu.it\/old\/wp-content\/uploads\/2024\/03\/3-1536x864.png 1536w, https:\/\/icviacorreggiomonza.edu.it\/old\/wp-content\/uploads\/2024\/03\/3-180x101.png 180w, https:\/\/icviacorreggiomonza.edu.it\/old\/wp-content\/uploads\/2024\/03\/3.png 1920w\" sizes=\"(max-width: 300px) 100vw, 300px\" \/> <img decoding=\"async\" class=\"alignnone size-medium wp-image-43549\" src=\"https:\/\/icviacorreggiomonza.edu.it\/old\/wp-content\/uploads\/2024\/03\/2-2-300x169.png\" alt=\"\" width=\"300\" height=\"169\" srcset=\"https:\/\/icviacorreggiomonza.edu.it\/old\/wp-content\/uploads\/2024\/03\/2-2-300x169.png 300w, https:\/\/icviacorreggiomonza.edu.it\/old\/wp-content\/uploads\/2024\/03\/2-2-1024x576.png 1024w, https:\/\/icviacorreggiomonza.edu.it\/old\/wp-content\/uploads\/2024\/03\/2-2-768x432.png 768w, https:\/\/icviacorreggiomonza.edu.it\/old\/wp-content\/uploads\/2024\/03\/2-2-1536x864.png 1536w, https:\/\/icviacorreggiomonza.edu.it\/old\/wp-content\/uploads\/2024\/03\/2-2-180x101.png 180w, https:\/\/icviacorreggiomonza.edu.it\/old\/wp-content\/uploads\/2024\/03\/2-2.png 1920w\" sizes=\"(max-width: 300px) 100vw, 300px\" \/><\/p>\n","protected":false},"excerpt":{"rendered":"<p>Il progetto Philosophy for Children nasce da un modo di concepire la filosofia come pratica di riflessione basata sul dialogo cooperativo e democratico. Non si tratta quindi dell\u2019insegnamento disciplinare della storia del pensiero, quanto piuttosto della pratica del pensare che si fa attitudine a interrogarsi, creare concetti, comprendere, ri-pensare autonomamente ci\u00f2 che ci circonda e&nbsp; &nbsp; <a class=\"moretag\" href=\"https:\/\/icviacorreggiomonza.edu.it\/old\/index.php\/2024\/03\/28\/philosophy-for-children-per-le-classi-quinte-anzani-e-masih\/\" title=\"Leggi l&#180;intero articolo\">&raquo;<\/a><\/p>\n","protected":false},"author":11,"featured_media":0,"comment_status":"open","ping_status":"open","sticky":false,"template":"","format":"standard","meta":{"footnotes":""},"categories":[5,4],"tags":[],"class_list":["post-43547","post","type-post","status-publish","format-standard","hentry","category-esperienza","category-news"],"_links":{"self":[{"href":"https:\/\/icviacorreggiomonza.edu.it\/old\/index.php\/wp-json\/wp\/v2\/posts\/43547","targetHints":{"allow":["GET"]}}],"collection":[{"href":"https:\/\/icviacorreggiomonza.edu.it\/old\/index.php\/wp-json\/wp\/v2\/posts"}],"about":[{"href":"https:\/\/icviacorreggiomonza.edu.it\/old\/index.php\/wp-json\/wp\/v2\/types\/post"}],"author":[{"embeddable":true,"href":"https:\/\/icviacorreggiomonza.edu.it\/old\/index.php\/wp-json\/wp\/v2\/users\/11"}],"replies":[{"embeddable":true,"href":"https:\/\/icviacorreggiomonza.edu.it\/old\/index.php\/wp-json\/wp\/v2\/comments?post=43547"}],"version-history":[{"count":1,"href":"https:\/\/icviacorreggiomonza.edu.it\/old\/index.php\/wp-json\/wp\/v2\/posts\/43547\/revisions"}],"predecessor-version":[{"id":43550,"href":"https:\/\/icviacorreggiomonza.edu.it\/old\/index.php\/wp-json\/wp\/v2\/posts\/43547\/revisions\/43550"}],"wp:attachment":[{"href":"https:\/\/icviacorreggiomonza.edu.it\/old\/index.php\/wp-json\/wp\/v2\/media?parent=43547"}],"wp:term":[{"taxonomy":"category","embeddable":true,"href":"https:\/\/icviacorreggiomonza.edu.it\/old\/index.php\/wp-json\/wp\/v2\/categories?post=43547"},{"taxonomy":"post_tag","embeddable":true,"href":"https:\/\/icviacorreggiomonza.edu.it\/old\/index.php\/wp-json\/wp\/v2\/tags?post=43547"}],"curies":[{"name":"wp","href":"https:\/\/api.w.org\/{rel}","templated":true}]}}